{"id":2927,"date":"2025-07-23T15:17:42","date_gmt":"2025-07-23T14:17:42","guid":{"rendered":"https:\/\/insuranceforgroup.com\/?p=2927"},"modified":"2026-06-29T10:09:53","modified_gmt":"2026-06-29T09:09:53","slug":"quien-cubre-a-los-reparadores-por-que-el-seguro-a-corto-plazo-para-los-equipos-de-medios-locales-sigue-roto","status":"publish","type":"post","link":"https:\/\/insuranceforgroup.com\/es\/whos-covering-the-fixers-why-short-term-insurance-for-local-media-teams-is-still-broken\/","title":{"rendered":"\u00bfQui\u00e9n cubre a los intermediarios? \u00bfPor qu\u00e9 el seguro a corto plazo para los equipos de medios locales sigue siendo deficiente?"},"content":{"rendered":"<p class=\"wp-block-paragraph\">Los corresponsales locales son la columna vertebral, aunque no reconocida, del periodismo global. Conocen el terreno, las din\u00e1micas de poder, los riesgos y las soluciones alternativas. Sin ellos, muchos corresponsales extranjeros simplemente no podr\u00edan realizar su trabajo. Sin embargo, cuando se trata de proteger a estos colaboradores vitales, muchos medios de comunicaci\u00f3n fallan, sobre todo cuando el trabajo es breve, intenso y peligroso.<\/p>\n\n\n\n<p class=\"wp-block-paragraph\">En insuranceforthemedia.com, hemos visto repetidamente lo dif\u00edcil que puede ser, tanto para las organizaciones como para los propios reparadores, obtener una cobertura de seguro adecuada y asequible para trabajos de corta duraci\u00f3n. Ya sea una asignaci\u00f3n de tres d\u00edas en Mosul o una semana en Jartum, la necesidad es urgente. El apoyo, a menudo, no lo es.<\/p>\n\n\n\n<hr class=\"wp-block-separator has-alpha-channel-opacity\"\/>\n\n\n\n<h3 class=\"wp-block-heading\" id=\"what-is-a-fixer-and-why-are-they-so-crucial\">\u00bfQu\u00e9 es un Fixer y por qu\u00e9 es tan crucial?<\/h3>\n\n\n\n<p class=\"wp-block-paragraph\">Los intermediarios suelen ser periodistas, traductores o gu\u00edas locales que ayudan a los equipos de medios extranjeros a operar eficazmente en entornos desconocidos, complejos o de alto riesgo. Proporcionan apoyo log\u00edstico, conocimiento local, contactos, contexto cultural y, en muchos casos, seguridad personal.<\/p>\n\n\n\n<p class=\"wp-block-paragraph\">No son solo asistentes. Son productores, negociadores, conductores, gu\u00edas de seguridad, int\u00e9rpretes y, a menudo, correporteros. En muchos casos, asumen m\u00e1s riesgos que los periodistas a los que apoyan, pero con menos reconocimiento y mucha menos protecci\u00f3n.<\/p>\n\n\n\n<blockquote class=\"wp-block-quote is-layout-flow wp-block-quote-is-layout-flow\">\n<p class=\"wp-block-paragraph\">Como se\u00f1ala el Rory Peck Trust: \u201cLos intermediarios son esenciales en el proceso internacional de recopilaci\u00f3n de noticias, pero a menudo son los menos protegidos y los m\u00e1s vulnerables\u201d.<\/p>\n<\/blockquote>\n\n\n\n<hr class=\"wp-block-separator has-alpha-channel-opacity\"\/>\n\n\n\n<h3 class=\"wp-block-heading\" id=\"the-coverage-gap-what-s-missing\">La brecha de cobertura: \u00bfQu\u00e9 falta?<\/h3>\n\n\n\n<p class=\"wp-block-paragraph\">A pesar de su papel crucial, los reparadores a menudo trabajan sin seguro formal. \u00bfPor qu\u00e9?<\/p>\n\n\n\n<ul class=\"wp-block-list\">\n<li><strong>Las tareas suelen ser de \u00faltimo momento y de corta duraci\u00f3n.<\/strong><\/li>\n\n\n\n<li><strong>Los presupuestos son ajustados y los procesos son ad hoc<\/strong><\/li>\n\n\n\n<li><strong>Los reparadores pueden trabajar como aut\u00f3nomos, sin respaldo organizativo.<\/strong><\/li>\n\n\n\n<li><strong>Los productos de seguros disponibles est\u00e1n dirigidos a los corresponsales occidentales, no a los equipos locales.<\/strong><\/li>\n<\/ul>\n\n\n\n<p class=\"wp-block-paragraph\">Muchos grandes medios asumen que contratar a un reparador local a trav\u00e9s de un contacto local los exime de responsabilidad. Pero esa l\u00f3gica se desmorona en cuanto algo sale mal. Muchos reparadores han sido arrestados, heridos, secuestrados y asesinados mientras realizaban este trabajo. Sin un seguro adecuado, sus familias a menudo se quedan sin nada.<\/p>\n\n\n\n<hr class=\"wp-block-separator has-alpha-channel-opacity\"\/>\n\n\n\n<h3 class=\"wp-block-heading\" id=\"the-real-world-risks-for-fixers\">Los riesgos reales para quienes solucionan problemas<\/h3>\n\n\n\n<p class=\"wp-block-paragraph\">Seamos claros: este no es un riesgo te\u00f3rico. Abundan los ejemplos:<\/p>\n\n\n\n<ul class=\"wp-block-list\">\n<li>En zonas de conflicto como&nbsp;<strong>Irak<\/strong>,&nbsp;<strong>Siria<\/strong>y&nbsp;<strong>Afganist\u00e1n<\/strong>Los intermediarios locales han sido se\u00f1alados como colaboradores.<\/li>\n\n\n\n<li>En zonas pol\u00edticamente inestables como&nbsp;<strong>Sud\u00e1n<\/strong>,&nbsp;<strong>Ir\u00e1n<\/strong>y&nbsp;<strong>Birmania<\/strong>Se ha detenido a intermediarios durante protestas o elecciones.<\/li>\n\n\n\n<li>Incluso en lugares considerados relativamente estables, quienes solucionan problemas pueden enfrentar represalias violentas por parte de grupos criminales, milicias o actores estatales.<\/li>\n<\/ul>\n\n\n\n<p class=\"wp-block-paragraph\">Los intermediarios pueden ser m\u00e1s visibles, m\u00e1s vulnerables y menos protegidos que los periodistas extranjeros a quienes apoyan.<\/p>\n\n\n\n<hr class=\"wp-block-separator has-alpha-channel-opacity\"\/>\n\n\n\n<h3 class=\"wp-block-heading\" id=\"what-media-organisations-need-to-know\">Lo que las organizaciones de medios necesitan saber<\/h3>\n\n\n\n<p class=\"wp-block-paragraph\">Si su organizaci\u00f3n env\u00eda periodistas al terreno, es su responsabilidad garantizar que los colaboradores locales est\u00e9n tan protegidos como su personal. Esto significa:<\/p>\n\n\n\n<ul class=\"wp-block-list\">\n<li>Garantizar que la cobertura del seguro se extienda a los reparadores y traductores locales<\/li>\n\n\n\n<li>Planificaci\u00f3n de seguros&nbsp;<em>antes<\/em>&nbsp;la tarea, no despu\u00e9s de una crisis<\/li>\n\n\n\n<li>Tener claro qui\u00e9n es responsable de qu\u00e9: log\u00edstica, seguridad, evaluaci\u00f3n de riesgos, respuesta a emergencias.<\/li>\n<\/ul>\n\n\n\n<p class=\"wp-block-paragraph\"><strong>Ofrecemos cobertura especializada para organizaciones de medios.<\/strong>, incluidas pol\u00edticas que le permiten cubrir a varios trabajadores con poca antelaci\u00f3n.<\/p>\n\n\n\n<p class=\"wp-block-paragraph\">\u2192\u00a0<a href=\"https:\/\/www.insuranceforthemedia.com\/corporatemediacover\" rel=\"nofollow noopener\" target=\"_blank\">Conozca m\u00e1s sobre nuestra cobertura para organizaciones de medios<\/a><\/p>\n\n\n\n<hr class=\"wp-block-separator has-alpha-channel-opacity\"\/>\n\n\n\n<h3 class=\"wp-block-heading\" id=\"barriers-fixers-face-when-insuring-themselves\">Barreras que enfrentan los reparadores al asegurarse<\/h3>\n\n\n\n<p class=\"wp-block-paragraph\">Para quienes intentan autoasegurarse, el panorama es desolador:<\/p>\n\n\n\n<ul class=\"wp-block-list\">\n<li><strong>La mayor\u00eda de las aseguradoras tradicionales no cubren regiones de alto riesgo<\/strong><\/li>\n\n\n\n<li><strong>Muchas pol\u00edticas de corto plazo excluyen el periodismo o el trabajo en los medios<\/strong><\/li>\n\n\n\n<li><strong>Puede resultar dif\u00edcil comprobar los ingresos o la situaci\u00f3n laboral.<\/strong><\/li>\n<\/ul>\n\n\n\n<p class=\"wp-block-paragraph\">E incluso cuando existe cobertura, suele ser costosa, burocr\u00e1tica o no responde a las realidades sobre el terreno.<\/p>\n\n\n\n<hr class=\"wp-block-separator has-alpha-channel-opacity\"\/>\n\n\n\n<h3 class=\"wp-block-heading\" id=\"why-ad-hoc-travel-policies-often-fall-short\">Por qu\u00e9 las pol\u00edticas de viajes ad hoc a menudo resultan insuficientes<\/h3>\n\n\n\n<p class=\"wp-block-paragraph\">Muchos periodistas o productores dan por sentado que una p\u00f3liza de viajes general es suficiente. No es as\u00ed. Las exclusiones t\u00edpicas incluyen:<\/p>\n\n\n\n<ul class=\"wp-block-list\">\n<li>Zonas de guerra o \u00e1reas bajo avisos del FCDO o del Departamento de Estado de EE. UU.<\/li>\n\n\n\n<li>Actividades profesionales como el periodismo, la filmaci\u00f3n o el reportaje<\/li>\n\n\n\n<li>Cobertura para reparadores no nombrados expl\u00edcitamente en una p\u00f3liza de grupo<\/li>\n<\/ul>\n\n\n\n<p class=\"wp-block-paragraph\">En resumen: si no declaras el riesgo y el rol, la p\u00f3liza podr\u00eda no pagar.<\/p>\n\n\n\n<hr class=\"wp-block-separator has-alpha-channel-opacity\"\/>\n\n\n\n<h3 class=\"wp-block-heading\" id=\"what-good-fixer-insurance-looks-like\">C\u00f3mo es un buen seguro para reparaciones<\/h3>\n\n\n\n<p class=\"wp-block-paragraph\">En&nbsp;<strong>segurosparalosmedios.com<\/strong>Ofrecemos un seguro flexible y a corto plazo, dise\u00f1ado espec\u00edficamente para este tipo de trabajo. Esto significa lo siguiente:<\/p>\n\n\n\n<ul class=\"wp-block-list\">\n<li><strong>Cobertura disponible desde solo un d\u00eda<\/strong><\/li>\n\n\n\n<li><strong>Apoyo mundial, incluso en zonas de conflicto y posconflicto<\/strong><\/li>\n\n\n\n<li><strong>Cobertura de evacuaci\u00f3n, m\u00e9dica y respuesta a crisis<\/strong><\/li>\n\n\n\n<li><strong>Opciones de pol\u00edticas tanto para individuos como para organizaciones<\/strong><\/li>\n\n\n\n<li><strong>Entrega r\u00e1pida: la cobertura a menudo puede comenzar dentro de las 24 horas<\/strong><\/li>\n<\/ul>\n\n\n\n<p class=\"wp-block-paragraph\">\u2192\u00a0<a href=\"https:\/\/www.insuranceforthemedia.com\/local-media\" rel=\"nofollow noopener\" target=\"_blank\">Explora la cobertura para particulares y reparadores aut\u00f3nomos<\/a><\/p>\n\n\n\n<hr class=\"wp-block-separator has-alpha-channel-opacity\"\/>\n\n\n\n<h3 class=\"wp-block-heading\" id=\"how-insuranceforthemedia-com-is-changing-the-game\">C\u00f3mo insuranceforthemedia.com est\u00e1 cambiando el juego<\/h3>\n\n\n\n<p class=\"wp-block-paragraph\">Creemos que todos los que contribuyen a la recopilaci\u00f3n de noticias merecen acceso a un seguro de alta calidad, ya sea un corresponsal brit\u00e1nico o un intermediario en Bagdad.<\/p>\n\n\n\n<p class=\"wp-block-paragraph\">Por eso ofrecemos:<\/p>\n\n\n\n<ul class=\"wp-block-list\">\n<li><strong>No hay duraci\u00f3n m\u00ednima de la p\u00f3liza<\/strong><\/li>\n\n\n\n<li><strong>Suscripci\u00f3n especializada para puestos en los medios de comunicaci\u00f3n<\/strong><\/li>\n\n\n\n<li><strong>Soporte para implementaciones de r\u00e1pido movimiento<\/strong><\/li>\n\n\n\n<li><strong>Ayuda para ONG, emisoras y aut\u00f3nomos por igual<\/strong><\/li>\n<\/ul>\n\n\n\n<p class=\"wp-block-paragraph\">Trabajamos con fixers, productores y editores de todo el mundo para ofrecer&nbsp;<strong>cubierta simple, humana y transparente<\/strong>&nbsp;para trabajos peligrosos.<\/p>\n\n\n\n<hr class=\"wp-block-separator has-alpha-channel-opacity\"\/>\n\n\n\n<h3 class=\"wp-block-heading\" id=\"what-you-can-do-now\">Qu\u00e9 puedes hacer ahora<\/h3>\n\n\n\n<p class=\"wp-block-paragraph\">Si usted trabaja con personas que solucionan problemas o es uno de ellos, no espere hasta que se produzca una crisis.<\/p>\n\n\n\n<ul class=\"wp-block-list\">\n<li>Obtenga una cotizaci\u00f3n hoy para asignaciones a corto plazo y de alto riesgo.<\/li>\n\n\n\n<li>Hable con nuestro equipo sobre la cobertura continua o anual.<\/li>\n\n\n\n<li>Descargue nuestra gu\u00eda de comparaci\u00f3n de coberturas para ver qu\u00e9 incluye<\/li>\n<\/ul>\n\n\n\n<p class=\"wp-block-paragraph\">\u2192\u00a0<a href=\"https:\/\/www.insuranceforthemedia.com\/local-media\" rel=\"nofollow noopener\" target=\"_blank\">Obtenga una cotizaci\u00f3n ahora<\/a><\/p>\n\n\n\n<hr class=\"wp-block-separator has-alpha-channel-opacity\"\/>\n\n\n\n<h3 class=\"wp-block-heading\" id=\"trusted-resources-and-industry-guidance\">Recursos confiables y orientaci\u00f3n de la industria<\/h3>\n\n\n\n<p class=\"wp-block-paragraph\">Para mayor informaci\u00f3n y orientaci\u00f3n pr\u00e1ctica, recomendamos:<\/p>\n\n\n\n<ul class=\"wp-block-list\">\n<li><a>Fundaci\u00f3n Rory Peck<\/a>&nbsp;\u2013 para subvenciones y apoyo en materia de seguridad para trabajadores aut\u00f3nomos<\/li>\n\n\n\n<li><a>Comit\u00e9 para la Protecci\u00f3n de los Periodistas (CPJ)<\/a>&nbsp;\u2013 por informar sobre la libertad de prensa y los riesgos para la seguridad<\/li>\n\n\n\n<li><a>Fondo de Seguridad de la FIP<\/a>&nbsp;\u2013 ayuda de emergencia para periodistas en peligro<\/li>\n\n\n\n<li><a>Centro Dart para el Periodismo y el Trauma<\/a>&nbsp;\u2013 para informes basados en el trauma<\/li>\n<\/ul>\n\n\n\n<hr class=\"wp-block-separator has-alpha-channel-opacity\"\/>\n\n\n\n<h3 class=\"wp-block-heading\" id=\"final-word-journalism-shouldn-t-come-at-the-cost-of-safety\">Palabra final: El periodismo no deber\u00eda ir en detrimento de la seguridad<\/h3>\n\n\n\n<p class=\"wp-block-paragraph\">El mundo necesita reporteros sobre el terreno. Y los reporteros necesitan intermediarios locales para hacer bien su trabajo. Pero el periodismo nunca debe sacrificar la seguridad de los dem\u00e1s. Con la planificaci\u00f3n y el seguro adecuados, podemos ayudar a proteger a quienes hacen posible el periodismo de primera l\u00ednea.<\/p>\n\n\n\n<p class=\"wp-block-paragraph\">\u00bfQuieres comprobar si tu equipo est\u00e1 adecuadamente cubierto?<\/p>\n\n\n\n<p class=\"wp-block-paragraph\">\u00bfListo para encontrar la portada adecuada? <a href=\"https:\/\/insuranceforgroup.com\/es\/comparar-politicas\/\">Compare las p\u00f3lizas de seguro para zonas de conflicto.<\/a> de aseguradores especializados, o consulte nuestra lista detallada <a href=\"https:\/\/insuranceforgroup.com\/es\/seguro-para-grupo-vs-cobertura-de-punto-de-acceso-comparacion-de-battleface-scr-willis-clements\/\">Comparaci\u00f3n de Hotspot Cover, Battleface, SCR Willis y Clements<\/a>.<\/p>","protected":false},"excerpt":{"rendered":"<p>\u00bfQui\u00e9n cubre a los intermediarios? \u00bfPor qu\u00e9 los seguros a corto plazo o prestados no son adecuados para periodistas locales e intermediarios, y qu\u00e9 deber\u00eda incluir una cobertura grupal apropiada para todos?.<\/p>","protected":false},"author":4,"featured_media":2950,"comment_status":"closed","ping_status":"closed","sticky":false,"template":"","format":"standard","meta":{"_gspb_post_css":"","footnotes":""},"categories":[7,6],"tags":[],"class_list":["post-2927","post","type-post","status-publish","format-standard","has-post-thumbnail","hentry","category-conflict-zone-insurance","category-group-personal-accident-cover"],"blocksy_meta":{"styles_descriptor":{"styles":{"desktop":"","tablet":"","mobile":""},"google_fonts":[],"version":7}},"_links":{"self":[{"href":"https:\/\/insuranceforgroup.com\/es\/wp-json\/wp\/v2\/posts\/2927","targetHints":{"allow":["GET"]}}],"collection":[{"href":"https:\/\/insuranceforgroup.com\/es\/wp-json\/wp\/v2\/posts"}],"about":[{"href":"https:\/\/insuranceforgroup.com\/es\/wp-json\/wp\/v2\/types\/post"}],"author":[{"embeddable":true,"href":"https:\/\/insuranceforgroup.com\/es\/wp-json\/wp\/v2\/users\/4"}],"replies":[{"embeddable":true,"href":"https:\/\/insuranceforgroup.com\/es\/wp-json\/wp\/v2\/comments?post=2927"}],"version-history":[{"count":2,"href":"https:\/\/insuranceforgroup.com\/es\/wp-json\/wp\/v2\/posts\/2927\/revisions"}],"predecessor-version":[{"id":3371,"href":"https:\/\/insuranceforgroup.com\/es\/wp-json\/wp\/v2\/posts\/2927\/revisions\/3371"}],"wp:featuredmedia":[{"embeddable":true,"href":"https:\/\/insuranceforgroup.com\/es\/wp-json\/wp\/v2\/media\/2950"}],"wp:attachment":[{"href":"https:\/\/insuranceforgroup.com\/es\/wp-json\/wp\/v2\/media?parent=2927"}],"wp:term":[{"taxonomy":"category","embeddable":true,"href":"https:\/\/insuranceforgroup.com\/es\/wp-json\/wp\/v2\/categories?post=2927"},{"taxonomy":"post_tag","embeddable":true,"href":"https:\/\/insuranceforgroup.com\/es\/wp-json\/wp\/v2\/tags?post=2927"}],"curies":[{"name":"Gracias","href":"https:\/\/api.w.org\/{rel}","templated":true}]}}