{"id":2927,"date":"2025-07-23T15:17:42","date_gmt":"2025-07-23T14:17:42","guid":{"rendered":"https:\/\/insuranceforgroup.com\/?p=2927"},"modified":"2026-06-29T10:09:53","modified_gmt":"2026-06-29T09:09:53","slug":"kto-zajmuje-sie-naprawami-dlaczego-krotkoterminowe-ubezpieczenie-dla-lokalnych-zespolow-medialnych-jest-nadal-niedostepne","status":"publish","type":"post","link":"https:\/\/insuranceforgroup.com\/pl\/whos-covering-the-fixers-why-short-term-insurance-for-local-media-teams-is-still-broken\/","title":{"rendered":"Kto finansuje naprawy? Dlaczego kr\u00f3tkoterminowe ubezpieczenia dla lokalnych zespo\u0142\u00f3w medialnych wci\u0105\u017c nie dzia\u0142aj\u0105"},"content":{"rendered":"<p class=\"wp-block-paragraph\">Lokalni fixerzy to niedoceniany kr\u0119gos\u0142up globalnego dziennikarstwa. Znaj\u0105 teren, uk\u0142ad si\u0142, ryzyko i sposoby obej\u015bcia problem\u00f3w. Bez nich wielu zagranicznych korespondent\u00f3w po prostu nie mog\u0142oby wykonywa\u0107 swojej pracy. Jednak je\u015bli chodzi o ochron\u0119 tych kluczowych wsp\u00f3\u0142pracownik\u00f3w, wiele organizacji medialnych zawodzi \u2013 zw\u0142aszcza gdy zadanie jest kr\u00f3tkie, intensywne i niebezpieczne.<\/p>\n\n\n\n<p class=\"wp-block-paragraph\">Na insuranceforthemedia.com wielokrotnie widzieli\u015bmy, jak trudno jest zar\u00f3wno organizacjom, jak i samym firmom remontowym uzyska\u0107 odpowiednie i niedrogie ubezpieczenie na kr\u00f3tkoterminowe prace. Niezale\u017cnie od tego, czy chodzi o trzydniowe zlecenie w Mosulu, czy o tydzie\u0144 w Chartumie, potrzeba jest pilna. Wsparcie cz\u0119sto nie.<\/p>\n\n\n\n<hr class=\"wp-block-separator has-alpha-channel-opacity\"\/>\n\n\n\n<h3 class=\"wp-block-heading\" id=\"what-is-a-fixer-and-why-are-they-so-crucial\">Czym jest Fixer i dlaczego jest tak wa\u017cny?<\/h3>\n\n\n\n<p class=\"wp-block-paragraph\">Fixerzy to cz\u0119sto lokalni dziennikarze, t\u0142umacze lub przewodnicy, kt\u00f3rzy pomagaj\u0105 zagranicznym ekipom medialnym skutecznie dzia\u0142a\u0107 w nieznanym, z\u0142o\u017conym lub wysokiego ryzyka \u015brodowisku. Zapewniaj\u0105 wsparcie logistyczne, lokaln\u0105 wiedz\u0119, kontakty, kontekst kulturowy, a w wielu przypadkach tak\u017ce bezpiecze\u0144stwo osobiste.<\/p>\n\n\n\n<p class=\"wp-block-paragraph\">Nie s\u0105 tylko asystentami. S\u0105 producentami, negocjatorami, kierowcami, przewodnikami bezpiecze\u0144stwa, t\u0142umaczami, a cz\u0119sto tak\u017ce wsp\u00f3\u0142reporterami. W wielu przypadkach podejmuj\u0105 wi\u0119ksze ryzyko ni\u017c dziennikarze, kt\u00f3rych wspieraj\u0105, ale z mniejszym uznaniem i znacznie mniejsz\u0105 ochron\u0105.<\/p>\n\n\n\n<blockquote class=\"wp-block-quote is-layout-flow wp-block-quote-is-layout-flow\">\n<p class=\"wp-block-paragraph\">Jak zauwa\u017ca Rory Peck Trust, \u201eFixerzy odgrywaj\u0105 kluczow\u0105 rol\u0119 w procesie gromadzenia informacji na arenie mi\u0119dzynarodowej, ale cz\u0119sto s\u0105 najmniej chronieni i najbardziej bezbronni\u201d.<\/p>\n<\/blockquote>\n\n\n\n<hr class=\"wp-block-separator has-alpha-channel-opacity\"\/>\n\n\n\n<h3 class=\"wp-block-heading\" id=\"the-coverage-gap-what-s-missing\">Luka w zasi\u0119gu: czego brakuje?<\/h3>\n\n\n\n<p class=\"wp-block-paragraph\">Pomimo swojej kluczowej roli, fachowcy cz\u0119sto pracuj\u0105 bez formalnego ubezpieczenia. Dlaczego?<\/p>\n\n\n\n<ul class=\"wp-block-list\">\n<li><strong>Zadania s\u0105 cz\u0119sto realizowane w ostatniej chwili i trwaj\u0105 kr\u00f3tko<\/strong><\/li>\n\n\n\n<li><strong>Bud\u017cety s\u0105 napi\u0119te, a procesy dora\u017ane<\/strong><\/li>\n\n\n\n<li><strong>Fixerzy mog\u0105 pracowa\u0107 jako freelancerzy, bez \u017cadnego wsparcia organizacyjnego<\/strong><\/li>\n\n\n\n<li><strong>Dost\u0119pne produkty ubezpieczeniowe s\u0105 skierowane do korespondent\u00f3w z Zachodu, a nie do lokalnych zespo\u0142\u00f3w<\/strong><\/li>\n<\/ul>\n\n\n\n<p class=\"wp-block-paragraph\">Wiele du\u017cych punkt\u00f3w sprzeda\u017cy zak\u0142ada, \u017ce zatrudnienie lokalnego fachowca za po\u015brednictwem lokalnego kontaktu zwalnia ich z odpowiedzialno\u015bci. Jednak ta logika rozpada si\u0119 w momencie, gdy co\u015b p\u00f3jdzie nie tak. Fachowcom zdarza\u0142y si\u0119 aresztowania, obra\u017cenia, porwania i \u015bmier\u0107 podczas wykonywania tej pracy. Bez odpowiedniego ubezpieczenia ich rodziny cz\u0119sto zostaj\u0105 z niczym.<\/p>\n\n\n\n<hr class=\"wp-block-separator has-alpha-channel-opacity\"\/>\n\n\n\n<h3 class=\"wp-block-heading\" id=\"the-real-world-risks-for-fixers\">Rzeczywiste ryzyko dla naprawiaczy<\/h3>\n\n\n\n<p class=\"wp-block-paragraph\">Powiedzmy sobie jasno: to nie jest ryzyko teoretyczne. Przyk\u0142ad\u00f3w jest mn\u00f3stwo:<\/p>\n\n\n\n<ul class=\"wp-block-list\">\n<li>W strefach konflikt\u00f3w, takich jak&nbsp;<strong>Irak<\/strong>,&nbsp;<strong>Syria<\/strong>oraz&nbsp;<strong>Afganistan<\/strong>lokalni po\u015brednicy stali si\u0119 celem kolaborant\u00f3w.<\/li>\n\n\n\n<li>Na obszarach politycznie niestabilnych, takich jak&nbsp;<strong>Sudan<\/strong>,&nbsp;<strong>Iran<\/strong>oraz&nbsp;<strong>Myanmar<\/strong>, osoby dokonuj\u0105ce fix\u00f3w zosta\u0142y zatrzymane podczas protest\u00f3w lub wybor\u00f3w.<\/li>\n\n\n\n<li>Nawet w miejscach uwa\u017canych za wzgl\u0119dnie stabilne, osoby dokonuj\u0105ce napraw mog\u0105 spotka\u0107 si\u0119 z brutalnymi represjami ze strony grup przest\u0119pczych, milicji lub podmiot\u00f3w pa\u0144stwowych.<\/li>\n<\/ul>\n\n\n\n<p class=\"wp-block-paragraph\">Fixerzy mog\u0105 by\u0107 bardziej widoczni, bardziej podatni na ataki i mniej chronieni ni\u017c zagraniczni dziennikarze, kt\u00f3rych wspieraj\u0105.<\/p>\n\n\n\n<hr class=\"wp-block-separator has-alpha-channel-opacity\"\/>\n\n\n\n<h3 class=\"wp-block-heading\" id=\"what-media-organisations-need-to-know\">Co organizacje medialne musz\u0105 wiedzie\u0107<\/h3>\n\n\n\n<p class=\"wp-block-paragraph\">Je\u015bli Twoja organizacja wysy\u0142a dziennikarzy w teren, Twoim obowi\u0105zkiem jest zapewnienie lokalnym wsp\u00f3\u0142pracownikom takiej samej ochrony, jak Twoim pracownikom. Oznacza to:<\/p>\n\n\n\n<ul class=\"wp-block-list\">\n<li>Zapewnienie ochrony ubezpieczeniowej obejmuj\u0105cej lokalnych po\u015brednik\u00f3w i t\u0142umaczy<\/li>\n\n\n\n<li>Planowanie ubezpieczenia&nbsp;<em>zanim<\/em>&nbsp;zadanie, a nie po kryzysie<\/li>\n\n\n\n<li>Jasne okre\u015blenie, kto jest za co odpowiedzialny \u2013 logistyka, bezpiecze\u0144stwo, ocena ryzyka, reagowanie w sytuacjach awaryjnych<\/li>\n<\/ul>\n\n\n\n<p class=\"wp-block-paragraph\"><strong>Oferujemy specjalistyczn\u0105 ochron\u0119 dla organizacji medialnych<\/strong>, w tym polisy umo\u017cliwiaj\u0105ce obj\u0119cie ubezpieczeniem wielu pracownik\u00f3w w kr\u00f3tkim czasie.<\/p>\n\n\n\n<p class=\"wp-block-paragraph\">\u2192\u00a0<a href=\"https:\/\/www.insuranceforthemedia.com\/corporatemediacover\" rel=\"nofollow noopener\" target=\"_blank\">Dowiedz si\u0119 wi\u0119cej o naszej opiece nad organizacjami medialnymi<\/a><\/p>\n\n\n\n<hr class=\"wp-block-separator has-alpha-channel-opacity\"\/>\n\n\n\n<h3 class=\"wp-block-heading\" id=\"barriers-fixers-face-when-insuring-themselves\">Bariery, z kt\u00f3rymi borykaj\u0105 si\u0119 firmy ubezpieczeniowe<\/h3>\n\n\n\n<p class=\"wp-block-paragraph\">Dla os\u00f3b pr\u00f3buj\u0105cych ubezpieczy\u0107 si\u0119 samodzielnie sytuacja jest ponura:<\/p>\n\n\n\n<ul class=\"wp-block-list\">\n<li><strong>Wi\u0119kszo\u015b\u0107 g\u0142\u00f3wnych ubezpieczycieli nie obejmuje ochron\u0105 region\u00f3w wysokiego ryzyka<\/strong><\/li>\n\n\n\n<li><strong>Wiele kr\u00f3tkoterminowych polityk wyklucza dziennikarstwo lub prac\u0119 w mediach<\/strong><\/li>\n\n\n\n<li><strong>Udowodnienie dochodu lub statusu zatrudnienia mo\u017ce by\u0107 trudne<\/strong><\/li>\n<\/ul>\n\n\n\n<p class=\"wp-block-paragraph\">A nawet je\u015bli ubezpieczenie jest dost\u0119pne, cz\u0119sto jest drogie, biurokratyczne lub nie przystaje do reali\u00f3w lokalnych.<\/p>\n\n\n\n<hr class=\"wp-block-separator has-alpha-channel-opacity\"\/>\n\n\n\n<h3 class=\"wp-block-heading\" id=\"why-ad-hoc-travel-policies-often-fall-short\">Dlaczego dora\u017ane zasady dotycz\u0105ce podr\u00f3\u017cy cz\u0119sto zawodz\u0105<\/h3>\n\n\n\n<p class=\"wp-block-paragraph\">Wielu dziennikarzy i producent\u00f3w zak\u0142ada, \u017ce og\u00f3lna polityka podr\u00f3\u017cy wystarczy. To nieprawda. Typowe wy\u0142\u0105czenia obejmuj\u0105:<\/p>\n\n\n\n<ul class=\"wp-block-list\">\n<li>Strefy wojenne lub obszary obj\u0119te ostrze\u017ceniami FCDO lub Departamentu Stanu USA<\/li>\n\n\n\n<li>Dzia\u0142alno\u015b\u0107 zawodowa, np. dziennikarstwo, filmowanie lub reporta\u017c<\/li>\n\n\n\n<li>Ubezpieczenie dla os\u00f3b, kt\u00f3re nie zosta\u0142y wyra\u017anie wymienione w polisie grupowej<\/li>\n<\/ul>\n\n\n\n<p class=\"wp-block-paragraph\">Kr\u00f3tko m\u00f3wi\u0105c: je\u015bli nie zadeklarujesz ryzyka i roli, polisa mo\u017ce nie wyp\u0142aci\u0107 odszkodowania.<\/p>\n\n\n\n<hr class=\"wp-block-separator has-alpha-channel-opacity\"\/>\n\n\n\n<h3 class=\"wp-block-heading\" id=\"what-good-fixer-insurance-looks-like\">Jak wygl\u0105da dobre ubezpieczenie naprawiaj\u0105ce<\/h3>\n\n\n\n<p class=\"wp-block-paragraph\">Na&nbsp;<strong>insuranceforthemedia.com<\/strong>Oferujemy elastyczne, kr\u00f3tkoterminowe ubezpieczenie, kt\u00f3re jest stworzone specjalnie do tego rodzaju pracy. Oto, co to oznacza:<\/p>\n\n\n\n<ul class=\"wp-block-list\">\n<li><strong>Ubezpieczenie dost\u0119pne ju\u017c od jednego dnia<\/strong><\/li>\n\n\n\n<li><strong>Wsparcie na ca\u0142ym \u015bwiecie, w tym w strefach obj\u0119tych konfliktami i pokonfliktowych<\/strong><\/li>\n\n\n\n<li><strong>Ubezpieczenie ewakuacyjne, medyczne i reagowania kryzysowego<\/strong><\/li>\n\n\n\n<li><strong>Opcje polityczne dla jednostek i organizacji<\/strong><\/li>\n\n\n\n<li><strong>Szybka realizacja \u2013 ubezpieczenie mo\u017ce rozpocz\u0105\u0107 si\u0119 cz\u0119sto w ci\u0105gu 24 godzin<\/strong><\/li>\n<\/ul>\n\n\n\n<p class=\"wp-block-paragraph\">\u2192\u00a0<a href=\"https:\/\/www.insuranceforthemedia.com\/local-media\" rel=\"nofollow noopener\" target=\"_blank\">Poznaj ubezpieczenie dla os\u00f3b prywatnych i niezale\u017cnych monter\u00f3w<\/a><\/p>\n\n\n\n<hr class=\"wp-block-separator has-alpha-channel-opacity\"\/>\n\n\n\n<h3 class=\"wp-block-heading\" id=\"how-insuranceforthemedia-com-is-changing-the-game\">Jak insuranceforthemedia.com zmienia zasady gry<\/h3>\n\n\n\n<p class=\"wp-block-paragraph\">Wierzymy, \u017ce ka\u017cdy, kto przyczynia si\u0119 do gromadzenia informacji, zas\u0142uguje na dost\u0119p do wysokiej jako\u015bci ubezpieczenia \u2014 niezale\u017cnie od tego, czy jest brytyjskim korespondentem, czy po\u015brednikiem w Bagdadzie.<\/p>\n\n\n\n<p class=\"wp-block-paragraph\">Dlatego oferujemy:<\/p>\n\n\n\n<ul class=\"wp-block-list\">\n<li><strong>Brak minimalnego okresu obowi\u0105zywania polisy<\/strong><\/li>\n\n\n\n<li><strong>Specjalistyczne ubezpieczenie dla r\u00f3l medialnych<\/strong><\/li>\n\n\n\n<li><strong>Wsparcie przy szybko zmieniaj\u0105cych si\u0119 wdro\u017ceniach<\/strong><\/li>\n\n\n\n<li><strong>Pomoc dla organizacji pozarz\u0105dowych, nadawc\u00f3w i freelancer\u00f3w<\/strong><\/li>\n<\/ul>\n\n\n\n<p class=\"wp-block-paragraph\">Wsp\u00f3\u0142pracujemy z fixerami, producentami i redaktorami na ca\u0142ym \u015bwiecie, aby dostarcza\u0107&nbsp;<strong>prosta, ludzka, przezroczysta ok\u0142adka<\/strong>&nbsp;do niebezpiecznej pracy.<\/p>\n\n\n\n<hr class=\"wp-block-separator has-alpha-channel-opacity\"\/>\n\n\n\n<h3 class=\"wp-block-heading\" id=\"what-you-can-do-now\">Co mo\u017cesz teraz zrobi\u0107<\/h3>\n\n\n\n<p class=\"wp-block-paragraph\">Je\u015bli wsp\u00f3\u0142pracujesz z firmami remontowymi lub sam nimi jeste\u015b, nie czekaj, a\u017c nadejdzie kryzys.<\/p>\n\n\n\n<ul class=\"wp-block-list\">\n<li>Uzyskaj wycen\u0119 ju\u017c dzi\u015b na kr\u00f3tkoterminowe zlecenia obarczone wysokim ryzykiem<\/li>\n\n\n\n<li>Porozmawiaj z naszym zespo\u0142em o ubezpieczeniu sta\u0142ym lub rocznym<\/li>\n\n\n\n<li>Pobierz nasz przewodnik por\u00f3wnuj\u0105cy oferty, aby zobaczy\u0107, co jest w nim zawarte<\/li>\n<\/ul>\n\n\n\n<p class=\"wp-block-paragraph\">\u2192\u00a0<a href=\"https:\/\/www.insuranceforthemedia.com\/local-media\" rel=\"nofollow noopener\" target=\"_blank\">Uzyskaj wycen\u0119 ju\u017c teraz<\/a><\/p>\n\n\n\n<hr class=\"wp-block-separator has-alpha-channel-opacity\"\/>\n\n\n\n<h3 class=\"wp-block-heading\" id=\"trusted-resources-and-industry-guidance\">Zaufane \u017ar\u00f3d\u0142a i wskaz\u00f3wki bran\u017cowe<\/h3>\n\n\n\n<p class=\"wp-block-paragraph\">W celu uzyskania dalszych informacji i wskaz\u00f3wek praktycznych zalecamy:<\/p>\n\n\n\n<ul class=\"wp-block-list\">\n<li><a>Fundacja Rory&#039;ego Pecka<\/a>&nbsp;\u2013 na dotacje i wsparcie bezpiecze\u0144stwa dla freelancer\u00f3w<\/li>\n\n\n\n<li><a>Komitet Ochrony Dziennikarzy (CPJ)<\/a>&nbsp;\u2013 do informowania o zagro\u017ceniach dla wolno\u015bci prasy i bezpiecze\u0144stwa<\/li>\n\n\n\n<li><a>Fundusz Bezpiecze\u0144stwa IFJ<\/a>&nbsp;\u2013 pomoc dora\u017ana dla dziennikarzy w niebezpiecze\u0144stwie<\/li>\n\n\n\n<li><a>Centrum Dziennikarstwa i Traumy Dart<\/a>&nbsp;\u2013 do raportowania uwzgl\u0119dniaj\u0105cego traum\u0119<\/li>\n<\/ul>\n\n\n\n<hr class=\"wp-block-separator has-alpha-channel-opacity\"\/>\n\n\n\n<h3 class=\"wp-block-heading\" id=\"final-word-journalism-shouldn-t-come-at-the-cost-of-safety\">Ostatnie s\u0142owo: dziennikarstwo nie powinno odbywa\u0107 si\u0119 kosztem bezpiecze\u0144stwa<\/h3>\n\n\n\n<p class=\"wp-block-paragraph\">\u015awiat potrzebuje reporter\u00f3w w terenie. A reporterzy potrzebuj\u0105 lokalnych po\u015brednik\u00f3w, kt\u00f3rzy dobrze wykonaj\u0105 swoj\u0105 prac\u0119. Dziennikarstwo nigdy nie powinno jednak odbywa\u0107 si\u0119 kosztem bezpiecze\u0144stwa innych. Dzi\u0119ki odpowiedniemu planowaniu i ubezpieczeniu mo\u017cemy pom\u00f3c chroni\u0107 ludzi, kt\u00f3rzy umo\u017cliwiaj\u0105 prac\u0119 reportersk\u0105 na pierwszej linii frontu.<\/p>\n\n\n\n<p class=\"wp-block-paragraph\">Chcesz sprawdzi\u0107, czy Tw\u00f3j zesp\u00f3\u0142 jest odpowiednio ubezpieczony?<\/p>\n\n\n\n<p class=\"wp-block-paragraph\">Chcesz znale\u017a\u0107 odpowiedni\u0105 ok\u0142adk\u0119? <a href=\"https:\/\/insuranceforgroup.com\/pl\/porownaj-zasady\/\">Por\u00f3wnaj polisy ubezpieczeniowe dla stref konfliktu<\/a> od specjalistycznych ubezpieczycieli lub zapoznaj si\u0119 z nasz\u0105 szczeg\u00f3\u0142ow\u0105 ofert\u0105 <a href=\"https:\/\/insuranceforgroup.com\/pl\/ubezpieczenie-grupowe-a-ubezpieczenie-hotspot-battleface-scr-willis-clements-porownanie\/\">Por\u00f3wnanie Hotspot Cover, Battleface, SCR Willis i Clements<\/a>.<\/p>","protected":false},"excerpt":{"rendered":"<p>Kto ubezpiecza fixer\u00f3w? Dlaczego kr\u00f3tkoterminowe lub po\u017cyczone ubezpieczenia zawodz\u0105 lokalnych dziennikarzy i fixer\u00f3w oraz jakie ubezpieczenie grupowe powinno obejmowa\u0107 ka\u017cdy.<\/p>","protected":false},"author":4,"featured_media":2950,"comment_status":"closed","ping_status":"closed","sticky":false,"template":"","format":"standard","meta":{"_gspb_post_css":"","footnotes":""},"categories":[7,6],"tags":[],"class_list":["post-2927","post","type-post","status-publish","format-standard","has-post-thumbnail","hentry","category-conflict-zone-insurance","category-group-personal-accident-cover"],"blocksy_meta":{"styles_descriptor":{"styles":{"desktop":"","tablet":"","mobile":""},"google_fonts":[],"version":7}},"_links":{"self":[{"href":"https:\/\/insuranceforgroup.com\/pl\/wp-json\/wp\/v2\/posts\/2927","targetHints":{"allow":["GET"]}}],"collection":[{"href":"https:\/\/insuranceforgroup.com\/pl\/wp-json\/wp\/v2\/posts"}],"about":[{"href":"https:\/\/insuranceforgroup.com\/pl\/wp-json\/wp\/v2\/types\/post"}],"author":[{"embeddable":true,"href":"https:\/\/insuranceforgroup.com\/pl\/wp-json\/wp\/v2\/users\/4"}],"replies":[{"embeddable":true,"href":"https:\/\/insuranceforgroup.com\/pl\/wp-json\/wp\/v2\/comments?post=2927"}],"version-history":[{"count":2,"href":"https:\/\/insuranceforgroup.com\/pl\/wp-json\/wp\/v2\/posts\/2927\/revisions"}],"predecessor-version":[{"id":3371,"href":"https:\/\/insuranceforgroup.com\/pl\/wp-json\/wp\/v2\/posts\/2927\/revisions\/3371"}],"wp:featuredmedia":[{"embeddable":true,"href":"https:\/\/insuranceforgroup.com\/pl\/wp-json\/wp\/v2\/media\/2950"}],"wp:attachment":[{"href":"https:\/\/insuranceforgroup.com\/pl\/wp-json\/wp\/v2\/media?parent=2927"}],"wp:term":[{"taxonomy":"category","embeddable":true,"href":"https:\/\/insuranceforgroup.com\/pl\/wp-json\/wp\/v2\/categories?post=2927"},{"taxonomy":"post_tag","embeddable":true,"href":"https:\/\/insuranceforgroup.com\/pl\/wp-json\/wp\/v2\/tags?post=2927"}],"curies":[{"name":"wp","href":"https:\/\/api.w.org\/{rel}","templated":true}]}}