{"id":3078,"date":"2025-08-11T17:26:08","date_gmt":"2025-08-11T16:26:08","guid":{"rendered":"https:\/\/insuranceforgroup.com\/?p=3078"},"modified":"2026-06-29T10:09:53","modified_gmt":"2026-06-29T09:09:53","slug":"gaza-2025-dziennikarstwo-pod-ostrzalem-najniebezpieczniejszy-konflikt-dla-reporterow-w-historii-nowozytnej","status":"publish","type":"post","link":"https:\/\/insuranceforgroup.com\/pl\/gaza-2025-journalism-under-fire-the-deadliest-conflict-for-reporters-in-modern-history\/","title":{"rendered":"Gaza 2025: Dziennikarstwo pod ostrza\u0142em \u2013 najniebezpieczniejszy konflikt dla reporter\u00f3w w historii nowo\u017cytnej"},"content":{"rendered":"<!DOCTYPE html>\n<html lang=\"en-GB\">\n<head>\n  <meta charset=\"utf-8\" \/>\n  <title>Gaza: najbardziej \u015bmierciono\u015bny konflikt dla dziennikarzy w historii nowo\u017cytnej<\/title>\n  <meta name=\"description\" content=\"Zweryfikowane dane z Uniwersytetu Browna, CPJ, RSF i UNESCO pokazuj\u0105, \u017ce wojna izraelsko-gazowa jest najbardziej \u015bmierciono\u015bnym konfliktem dla dziennikarzy od pocz\u0105tku prowadzenia statystyk. Co to oznacza dla redakcji, fixer\u00f3w i komisarzy oraz jak specjalistyczne ubezpieczenia chroni\u0105 zespo\u0142y, kt\u00f3rych standardowe ubezpieczenie wyklucza wojn\u0119?\" \/>\n  <meta name=\"robots\" content=\"index, follow\" \/>\n  <link rel=\"canonical\" href=\"https:\/\/www.insuranceforthemedia.com\/\" \/>\n  <style>\n    \/* Optional: keeps tables readable on dark themes *\/\n    table { border-collapse: collapse; width: 100%; }\n    th, td { padding: 0.6rem; border-bottom: 1px solid rgba(255,255,255,0.15); }\n    thead th { border-bottom: 2px solid rgba(255,255,255,0.4); }\n    \/* Our view panel for dark backgrounds *\/\n    .our-view {\n      background-color: rgba(255,255,255,0.08);\n      padding: 1rem 1.25rem;\n      border-left: 4px solid #ff6600; \/* adjust to brand accent if needed *\/\n      color: #ffffff;\n      margin: 1rem 0;\n    }\n    .kicker { font-style: italic; opacity: 0.9; }\n    nav ul { list-style: none; padding-left: 0; }\n    nav li { margin: 0.25rem 0; }\n    .button { display: inline-block; padding: 0.6rem 1rem; border: 1px solid #fff; color: #fff; text-decoration: none; }\n    .button:hover { opacity: 0.9; }\n    small { opacity: 0.8; }\n  <\/style>\n<\/head>\n<body>\n\n<article>\n  <header>\n    <h1>Gaza: najbardziej \u015bmierciono\u015bny konflikt dla dziennikarzy w historii nowo\u017cytnej<\/h1>\n    <p class=\"kicker\">Wed\u0142ug stanu na sierpie\u0144 2025 roku, wielu uznanych obserwator\u00f3w odnotowuje bezprecedensowe straty w\u015br\u00f3d dziennikarzy i pracownik\u00f3w medi\u00f3w w Strefie Gazy. Niniejszy artyku\u0142 podsumowuje nasz\u0105 wiedz\u0119, dlaczego jest to wa\u017cne dla profesjonalist\u00f3w i komisarzy medialnych oraz jak planowa\u0107 bezpieczniejsze zadania, gdy standardowe ubezpieczenie wyklucza wojn\u0119.<\/p>\n  <\/header>\n\n  <nav aria-label=\"Na tej stronie\">\n    <ul>\n      <li><a href=\"#summary\">Streszczenie<\/a><\/li>\n      <li><a href=\"#scale\">1. Skala strat<\/a><\/li>\n      <li><a href=\"#risk\">2. Kto jest najbardziej nara\u017cony<\/a><\/li>\n      <li><a href=\"#targeting\">3. Celowanie, dost\u0119p i ograniczenia<\/a><\/li>\n      <li><a href=\"#freedom\">4. Wp\u0142yw na wolno\u015b\u0107 prasy<\/a><\/li>\n      <li><a href=\"#duty\">5. Obowi\u0105zek zachowania nale\u017cytej staranno\u015bci i ubezpieczenie, kt\u00f3re faktycznie dzia\u0142a<\/a><\/li>\n      <li><a href=\"#impunity\">6. Bezkarno\u015b\u0107 i odpowiedzialno\u015b\u0107<\/a><\/li>\n      <li><a href=\"#cta\">Co robi\u0107 dalej<\/a><\/li>\n      <li><a href=\"#sources\">\u0179r\u00f3d\u0142a<\/a><\/li>\n    <\/ul>\n  <\/nav>\n\n  <section id=\"summary\">\n    <h2>Streszczenie<\/h2>\n    <p>Niezale\u017cne badania przeprowadzone w ramach projektu \u201eCosts of War\u201d Uniwersytetu Browna wskazuj\u0105, \u017ce konflikt w Strefie Gazy doprowadzi\u0142 do najwi\u0119kszej liczby zgon\u00f3w dziennikarzy odnotowanych w jakimkolwiek pojedynczym konflikcie od czasu rozpocz\u0119cia prowadzenia wsp\u00f3\u0142czesnych rejestr\u00f3w. Wed\u0142ug stanu na koniec marca 2025 roku raport podaje liczb\u0119 co najmniej 232 dziennikarzy i pracownik\u00f3w medi\u00f3w zabitych od 7 pa\u017adziernika 2023 roku, a p\u00f3\u017aniejsze zestawienia organizacji walcz\u0105cych o wolno\u015b\u0107 prasy i prowadzone listy imienne wskazuj\u0105, \u017ce liczba ta nadal ro\u015bnie do 2025 roku.<\/p>\n\n    <div class=\"our-view\">\n      <strong>Nasz pogl\u0105d<\/strong> \u2013 Niezale\u017cnie od pogl\u0105d\u00f3w politycznych, dane wymagaj\u0105 praktycznych dzia\u0142a\u0144. Komisarze i redaktorzy musz\u0105 planowa\u0107 dzia\u0142ania w obliczu wrogich warunk\u00f3w: jawne relacje wojenne, ca\u0142odobow\u0105 pomoc, kt\u00f3ra faktycznie dzia\u0142a na miejscu, r\u00f3wn\u0105 ochron\u0119 dla lokalnych dziennikarzy i fixer\u00f3w oraz wcze\u015bniej ustalone drogi ewakuacji.\n    <\/div>\n  <\/section>\n\n  <section id=\"scale\">\n    <h2>1. Skala strat<\/h2>\n    <p>Liczby r\u00f3\u017cni\u0105 si\u0119 w zale\u017cno\u015bci od dat granicznych i definicji, ale kierunek jest sp\u00f3jny w przypadku wszystkich wiarygodnych monitor\u00f3w. Uniwersytet Browna <em>Cmentarz Sprawozdawczy<\/em> (kwiecie\u0144 2025 r.) syntetyzuje historyczne punkty odniesienia i por\u00f3wnuje konflikty. CPJ, RSF i inni obserwatorzy wielokrotnie okre\u015blali wojn\u0119 izraelsko-Gaz\u0119 jako najbardziej \u015bmierciono\u015bny konflikt w historii dziennikarzy.<\/p>\n\n    <h3>Tabela 1 \u2013 Zgony dziennikarzy wed\u0142ug konfliktu (zweryfikowane dane bazowe, najlepsze dost\u0119pne zakresy)<\/h3>\n    <p><small>Liczby odzwierciedlaj\u0105 dost\u0119pn\u0105 dokumentacj\u0119 i mog\u0105 si\u0119 r\u00f3\u017cni\u0107 w zale\u017cno\u015bci od metodologii \u017ar\u00f3d\u0142owej. Zawsze sprawdzaj dat\u0119 \u201ena dzie\u0144\u201d w cytowanych \u017ar\u00f3d\u0142ach.<\/small><\/p>\n\n    <table role=\"table\">\n      <thead>\n        <tr>\n          <th style=\"text-align: left;\">Konflikt<\/th>\n          <th style=\"text-align: right;\">Zgony<\/th>\n          <th style=\"text-align: left;\">Okres czasu<\/th>\n          <th style=\"text-align: left;\">\u0179r\u00f3d\u0142o pierwotne<\/th>\n        <\/tr>\n      <\/thead>\n      <tbody>\n        <tr>\n          <td>Gaza (wojna Izrael-Gaza)<\/td>\n          <td style=\"text-align: right;\">232+ do ko\u0144ca marca 2025 r.; wzrost do 2025 r.<\/td>\n          <td>Pa\u017adziernik 2023 \u2013 sierpie\u0144 2025<\/td>\n          <td><a href=\"#s-brown\">Koszty wojny na Uniwersytecie Browna<\/a>, <a href=\"#s-rsf\">RSF<\/a>, <a href=\"#s-aj\">Lista prowadzona przez Al Jazeera<\/a><\/td>\n        <\/tr>\n        <tr>\n          <td>I i II wojna \u015bwiatowa (\u0142\u0105cznie)<\/td>\n          <td style=\"text-align: right;\">ok. 69<\/td>\n          <td>1914 \u2013 1945<\/td>\n          <td><a href=\"#s-brown\">Koszty wojny na Uniwersytecie Browna<\/a><\/td>\n        <\/tr>\n        <tr>\n          <td>Wojna w Wietnamie<\/td>\n          <td style=\"text-align: right;\">ok. 63 \u2013 71<\/td>\n          <td>1955 \u2013 1975<\/td>\n          <td><a href=\"#s-cpj-vietnam\">Analiza historyczna CPJ<\/a><\/td>\n        <\/tr>\n        <tr>\n          <td>Wojna korea\u0144ska<\/td>\n          <td style=\"text-align: right;\">Od jednocyfrowych do niskich nastolatk\u00f3w<\/td>\n          <td>1950 \u2013 1953<\/td>\n          <td>Archiwa historyczne, do kt\u00f3rych si\u0119 odwo\u0142uje <a href=\"#s-brown\">Br\u0105zowy<\/a><\/td>\n        <\/tr>\n        <tr>\n          <td>Wojny jugos\u0142owia\u0144skie<\/td>\n          <td style=\"text-align: right;\">ok. 11 podczas wi\u0119kszych dzia\u0142a\u0144 wojennych<\/td>\n          <td>Lata 90. XX wieku<\/td>\n          <td>Wsp\u00f3\u0142czesne zestawienia prasowe, do kt\u00f3rych si\u0119 odwo\u0142uje <a href=\"#s-brown\">Br\u0105zowy<\/a><\/td>\n        <\/tr>\n        <tr>\n          <td>Afganistan (po 11 wrze\u015bnia)<\/td>\n          <td style=\"text-align: right;\">ok. 80+<\/td>\n          <td>2001 \u2013 2021<\/td>\n          <td><a href=\"#s-unesco\">Monitoring UNESCO<\/a>, CPJ<\/td>\n        <\/tr>\n      <\/tbody>\n    <\/table>\n\n    <div class=\"our-view\">\n      <strong>Nasz pogl\u0105d<\/strong> \u2013 Pojedynczy konflikt, kt\u00f3rego \u0142\u0105czna liczba ofiar przekracza liczb\u0119 wojen \u015bwiatowych i dziesi\u0119cioleci walk, nie jest statystycznym dziwactwem. To sygna\u0142 strukturalnego za\u0142amania si\u0119 bezpiecze\u0144stwa dziennikarzy na tym obszarze dzia\u0142a\u0144 wojennych.\n    <\/div>\n  <\/section>\n\n  <section id=\"risk\">\n    <h2>2. Kto jest najbardziej nara\u017cony<\/h2>\n    <p>Zdecydowana wi\u0119kszo\u015b\u0107 ofiar to palesty\u0144scy dziennikarze i pracownicy medi\u00f3w. Lokalni reporterzy ponosz\u0105 najwi\u0119ksze ryzyko: mieszkaj\u0105 w strefie konfliktu, maj\u0105 mniejsze mo\u017cliwo\u015bci ewakuacji i cz\u0119sto pracuj\u0105 jako freelancerzy lub fixerzy, bez instytucjonalnej ochrony du\u017cych redakcji.<\/p>\n\n    <ul>\n      <li><strong>Dominuj\u0105 ofiary lokalne<\/strong> \u2013 listy imienne pokazuj\u0105, \u017ce wi\u0119kszo\u015b\u0107 ofiar to mieszka\u0144cy Gazy, pracuj\u0105cy dla lokalnych lub mi\u0119dzynarodowych medi\u00f3w.<\/li>\n      <li><strong>Freelancerzy i monterzy<\/strong> \u2013 cz\u0119sto pierwsi na miejscu zdarzenia, cz\u0119sto z minimalnymi zabezpieczeniami.<\/li>\n      <li><strong>Zgony podczas wykonywania zada\u0144<\/strong> \u2013 wielu zgin\u0119\u0142o podczas reporta\u017cu, filmowania lub podr\u00f3\u017cy pomi\u0119dzy miejscami zdarzenia.<\/li>\n    <\/ul>\n\n    <div class=\"our-view\">\n      <strong>Nasz pogl\u0105d<\/strong> \u2013 Obowi\u0105zek zachowania nale\u017cytej staranno\u015bci musi dotyczy\u0107 zar\u00f3wno lokalnych pracownik\u00f3w, jak i freelancer\u00f3w. Bud\u017cety zlece\u0144 powinny uwzgl\u0119dnia\u0107 szkolenia w zakresie pracy w nieprzyjaznym \u015brodowisku, ubezpieczenie obejmuj\u0105ce wojn\u0119 i niepokoje spo\u0142eczne oraz realne mo\u017cliwo\u015bci ewakuacji dla wszystkich cz\u0142onk\u00f3w zespo\u0142u.\n    <\/div>\n  <\/section>\n\n  <section id=\"targeting\">\n    <h2>3. Celowanie, dost\u0119p i ograniczenia<\/h2>\n    <p>W licznych \u015bledztwach i aktach sprawy opisano przypadki zab\u00f3jstw dziennikarzy, kt\u00f3rzy zostali jednoznacznie zidentyfikowani jako dziennikarze \u2013 w oznakowanych kamizelkach, w pobli\u017cu namiot\u00f3w prasowych lub w pojazdach z napisem PRESS. Dodatkowo na\u0142o\u017cono ograniczenia na wjazd zagranicznych medi\u00f3w, wielokrotnie odcinaj\u0105c ich od zewn\u0119trznej kontroli i przerzucaj\u0105c ca\u0142y ci\u0119\u017car relacjonowania wydarze\u0144 na lokalnych dziennikarzy.<\/p>\n\n    <h3>Tabela 2 \u2013 Wska\u017aniki obra\u017ce\u0144 i atak\u00f3w w Strefie Gazy<\/h3>\n    <table role=\"table\">\n      <thead>\n        <tr>\n          <th style=\"text-align: left;\">Wska\u017anik<\/th>\n          <th style=\"text-align: left;\">Posta\u0107<\/th>\n          <th style=\"text-align: left;\">Na dzie\u0144 dzisiejszy<\/th>\n          <th style=\"text-align: left;\">\u0179r\u00f3d\u0142o<\/th>\n        <\/tr>\n      <\/thead>\n      <tbody>\n        <tr>\n          <td>Dziennikarze ranni<\/td>\n          <td>ok. 380<\/td>\n          <td>Stycze\u0144 2025<\/td>\n          <td>Palesty\u0144ski Syndykat Dziennikarzy, cytowany przez niezale\u017cne doniesienia<\/td>\n        <\/tr>\n        <tr>\n          <td>Udokumentowane incydenty celowania<\/td>\n          <td>Wiele raport\u00f3w przypadk\u00f3w<\/td>\n          <td>2023 \u2013 2025<\/td>\n          <td>Praca badawcza opracowana przez Uniwersytet Browna, CPJ i redakcje<\/td>\n        <\/tr>\n        <tr>\n          <td>Zniszczenie obiekt\u00f3w prasowych i sprz\u0119tu<\/td>\n          <td>Wiele incydent\u00f3w<\/td>\n          <td>2023 \u2013 2025<\/td>\n          <td>Zg\u0142aszanie incydent\u00f3w RSF i dochodzenia medialne<\/td>\n        <\/tr>\n        <tr>\n          <td>Dost\u0119p medi\u00f3w zagranicznych do Gazy<\/td>\n          <td>Bardzo ograniczone<\/td>\n          <td>2023 \u2013 2025<\/td>\n          <td>O\u015bwiadczenia RSF i relacje w mediach mi\u0119dzynarodowych<\/td>\n        <\/tr>\n      <\/tbody>\n    <\/table>\n\n    <div class=\"our-view\">\n      <strong>Nasz pogl\u0105d<\/strong> \u2013 Schematy namierzania i zakazy dost\u0119pu tworz\u0105 \u015brodowisko, w kt\u00f3rym bezpiecze\u0144stwo, weryfikacja i ci\u0105g\u0142o\u015b\u0107 ochrony zale\u017c\u0105 od wcze\u015bniej ustalonego wsparcia. To w\u0142a\u015bnie tutaj specjalistyczne ubezpieczenia i ca\u0142odobowi operatorzy stanowi\u0105 praktyczn\u0105 r\u00f3\u017cnic\u0119 mi\u0119dzy sytuacj\u0105 kryzysow\u0105, kt\u00f3r\u0105 mo\u017cna opanowa\u0107, a tragedi\u0105.\n    <\/div>\n  <\/section>\n\n  <section id=\"freedom\">\n    <h2>4. Wp\u0142yw na wolno\u015b\u0107 prasy<\/h2>\n    <p>Ofiary \u015bmiertelne nie opowiadaj\u0105 ca\u0142ej historii. D\u0142ugotrwa\u0142y uraz psychiczny, zniszczenie sprz\u0119tu i obiekt\u00f3w oraz powtarzaj\u0105ce si\u0119 przerwy w \u0142\u0105czno\u015bci \u2013 wszystko to os\u0142abia mo\u017cliwo\u015b\u0107 raportowania. W rezultacie powstaje efekt mro\u017c\u0105cy dla dokumentacji akurat wtedy, gdy wiarygodne raporty s\u0105 najbardziej potrzebne.<\/p>\n\n    <ul>\n      <li><strong>Trauma i zm\u0119czenie<\/strong> \u2013 dziennikarze w Strefie Gazy dokumentuj\u0105 wydarzenia, jednocze\u015bnie na bie\u017c\u0105co do\u015bwiadczaj\u0105c osobistej straty.<\/li>\n      <li><strong>Os\u0142abienie operacyjne<\/strong> \u2013 utrata kamer, nadajnik\u00f3w i pojazd\u00f3w zwi\u0119ksza koszty i op\u00f3\u017ania realizacj\u0119 dostaw.<\/li>\n      <li><strong>Zaniki pami\u0119ci<\/strong> \u2013 przerwy w \u0142\u0105czno\u015bci izoluj\u0105 reporter\u00f3w od redaktor\u00f3w, \u017ar\u00f3de\u0142 i odbiorc\u00f3w.<\/li>\n    <\/ul>\n  <\/section>\n\n  <section id=\"duty\">\n    <h2>5. Obowi\u0105zek zachowania nale\u017cytej staranno\u015bci i ubezpieczenie, kt\u00f3re faktycznie dzia\u0142a<\/h2>\n    <p>Standardowe polisy podr\u00f3\u017cne zazwyczaj wykluczaj\u0105 wojn\u0119, terroryzm i niepokoje spo\u0142eczne. W praktyce oznacza to, \u017ce wielu dziennikarzy w momencie sk\u0142adania reklamacji odkrywa, \u017ce ich polisa nie odpowiada na zdarzenie, kt\u00f3rego do\u015bwiadczyli. Ubezpieczenie specjalistyczne dzia\u0142a inaczej \u2013 jest zaprojektowane z my\u015bl\u0105 o tych realiach i integruje si\u0119 z partnerami reaguj\u0105cymi w sytuacjach kryzysowych, kt\u00f3rzy dzia\u0142aj\u0105 24 godziny na dob\u0119, 7 dni w tygodniu.<\/p>\n\n    <h3>Jak wygl\u0105da dobra os\u0142ona w strefach konfliktu<\/h3>\n    <ul>\n      <li><strong>W tym wojna i niepokoje spo\u0142eczne<\/strong> \u2013 nie ma \u017cadnych wy\u0142\u0105cze\u0144 obejmuj\u0105cych ryzyka, na kt\u00f3re jeste\u015b nara\u017cony.<\/li>\n      <li><strong>Ewakuacja medyczna i bezpiecze\u0144stwa<\/strong> \u2013 udokumentowane \u015bcie\u017cki ewakuacji zespo\u0142\u00f3w w przypadku pogorszenia si\u0119 warunk\u00f3w.<\/li>\n      <li><strong>\u015amier\u0107 i niepe\u0142nosprawno\u015b\u0107 w wyniku nieszcz\u0119\u015bliwego wypadku<\/strong> \u2013 ochrona finansowa dla rodzin i os\u00f3b na ich utrzymaniu.<\/li>\n      <li><strong>Pomoc 24\/7<\/strong> \u2013 operatorzy z rzeczywistymi mo\u017cliwo\u015bciami dzia\u0142ania na polu walki, a nie poczt\u0105 g\u0142osow\u0105.<\/li>\n      <li><strong>Wsparcie dla lokalnych pracownik\u00f3w<\/strong> \u2013 r\u00f3wno\u015b\u0107 ochrony dla os\u00f3b trudni\u0105cych si\u0119 monta\u017cem i os\u00f3b wykonuj\u0105cych wolny zaw\u00f3d.<\/li>\n    <\/ul>\n\n    <p>Dowiedz si\u0119 wi\u0119cej o naszym specjalistycznym wsparciu medialnym i relacjach z mediami:<\/p>\n    <ul>\n      <li><a href=\"https:\/\/www.insuranceforthemedia.com\/\" rel=\"nofollow noopener\" target=\"_blank\">insuranceforthemedia.com<\/a> \u2013 ubezpieczenie dla redakcji, ekip i freelancer\u00f3w dzia\u0142aj\u0105cych na ca\u0142ym \u015bwiecie<\/li>\n      <li><a href=\"https:\/\/insuranceforgroup.com\/pl\/ubezpieczenie-na-wypadek-pracy-i-podrozy-w-izraelu-strefie-gazy-i-palestynie\/\" rel=\"noopener\">Ubezpieczenie na czas pracy i podr\u00f3\u017cy w Izraelu, Strefie Gazy i Palestynie<\/a> \u2013 t\u0142o, wskaz\u00f3wki i \u015bcie\u017cka zapytania<\/li>\n      <li><a href=\"https:\/\/www.insuranceforthemedia.com\/contact\/\" rel=\"nofollow noopener\" target=\"_blank\">Skontaktuj si\u0119 z nami<\/a> \u2013 porozmawiaj ze specjalist\u0105<\/li>\n      <li><a href=\"https:\/\/www.insuranceforthemedia.com\/quote\" rel=\"nofollow noopener\" target=\"_blank\">Uzyskaj wycen\u0119<\/a> \u2013 szybka realizacja w przypadku pilnych wdro\u017ce\u0144<\/li>\n    <\/ul>\n\n    <div class=\"our-view\">\n      <strong>Nasz pogl\u0105d<\/strong> \u2013 Najcz\u0119stsza luka, jak\u0105 widzimy, jest ukryta w wykluczeniach. Je\u015bli polisa reklamuje si\u0119 w\u015br\u00f3d dziennikarzy, ale wyklucza wojn\u0119 i niepokoje spo\u0142eczne, jest ma\u0142o prawdopodobne, \u017ce zadzia\u0142a, kiedy najbardziej jej potrzebujesz. Zapytaj o w\u0142\u0105czenie wojny, partner\u00f3w reagowania i rzeczywiste do\u015bwiadczenia w miejscu, w kt\u00f3rym planujesz zamieszka\u0107.\n    <\/div>\n  <\/section>\n\n  <section id=\"impunity\">\n    <h2>6. Bezkarno\u015b\u0107 i odpowiedzialno\u015b\u0107<\/h2>\n    <p>Monitoring UNESCO pokazuje, \u017ce globalny wska\u017anik bezkarno\u015bci za zab\u00f3jstwa dziennikarzy utrzymuje si\u0119 na niezmiennie wysokim poziomie \u2013 zazwyczaj w przedziale 80\u201390%. Tam, gdzie bezkarno\u015b\u0107 si\u0119 utrzymuje, ryzyko ro\u015bnie. Wci\u0105\u017c pojawiaj\u0105 si\u0119 apele o niezale\u017cne \u015bledztwa w sprawie konkretnych zab\u00f3jstw w Strefie Gazy, ale post\u0119py s\u0105 ograniczone.<\/p>\n\n    <h3>Tabela 3 \u2013 Globalne wska\u017aniki ryzyka dla wolno\u015bci prasy<\/h3>\n    <table role=\"table\">\n      <thead>\n        <tr>\n          <th style=\"text-align: left;\">Wska\u017anik<\/th>\n          <th style=\"text-align: left;\">Najnowsza liczba<\/th>\n          <th style=\"text-align: left;\">Zakres<\/th>\n          <th style=\"text-align: left;\">\u0179r\u00f3d\u0142o<\/th>\n        <\/tr>\n      <\/thead>\n      <tbody>\n        <tr>\n          <td>Globalny wska\u017anik bezkarno\u015bci za zab\u00f3jstwa dziennikarzy<\/td>\n          <td>ok. 80 \u2013 90%<\/td>\n          <td>\u015arednia d\u0142ugoterminowa<\/td>\n          <td><a href=\"#s-unesco\">Obserwatorium UNESCO<\/a><\/td>\n        <\/tr>\n        <tr>\n          <td>Konflikt Izrael\u2013Gazeta opisany jako najbardziej \u015bmierciono\u015bny konflikt dla dziennikarzy od pocz\u0105tku prowadzenia rejestr\u00f3w<\/td>\n          <td>Potwierdzone frazowanie przez wiele monitor\u00f3w<\/td>\n          <td>Konflikt specyficzny<\/td>\n          <td><a href=\"#s-cpj\">CPJ<\/a>, <a href=\"#s-brown\">Uniwersytet Browna<\/a>, <a href=\"#s-rsf\">RSF<\/a><\/td>\n        <\/tr>\n        <tr>\n          <td>Dost\u0119p prasy zagranicznej do Gazy<\/td>\n          <td>Bardzo ograniczone<\/td>\n          <td>Konflikt specyficzny<\/td>\n          <td><a href=\"#s-rsf\">RSF<\/a>, mi\u0119dzynarodowe o\u015bwiadczenia medialne<\/td>\n        <\/tr>\n      <\/tbody>\n    <\/table>\n  <\/section>\n\n  <section id=\"cta\">\n    <h2>Co robi\u0107 dalej<\/h2>\n    <p>Je\u015bli zlecasz lub wspierasz dzia\u0142alno\u015b\u0107 dziennikarsk\u0105 w strefach konfliktu, przed wyjazdem podejmij nast\u0119puj\u0105ce kroki:<\/p>\n    <ol>\n      <li>Potwierd\u017a pisemnie, \u017ce posiadasz ubezpieczenie <strong>obejmuje<\/strong> wojna, terroryzm i niepokoje spo\u0142eczne \u2013 i zweryfikuj przyczyny roszcze\u0144.<\/li>\n      <li>Zapewni\u0107 <strong>Ca\u0142odobowa ewakuacja medyczna i bezpiecze\u0144stwa<\/strong> s\u0105 ju\u017c wdro\u017cone i przetestowane za pomoc\u0105 po\u0142\u0105czenia telefonicznego przed wdro\u017ceniem.<\/li>\n      <li>Rozszerz ochron\u0119 na <strong>lokalnych pracownik\u00f3w i freelancer\u00f3w<\/strong> na r\u00f3wni z korespondentami sztabowymi.<\/li>\n      <li>Zgadza\u0107 si\u0119 <strong>protoko\u0142y komunikacyjne i protoko\u0142y blackoutu<\/strong> z czytelnymi okienkami odprawy i opcjami awaryjnymi.<\/li>\n      <li>Zorganizowa\u0107 <strong>szkolenie w \u015brodowisku wrogim<\/strong> i \u015bcie\u017cek wsparcia psychologicznego.<\/li>\n    <\/ol>\n\n    <p><a class=\"button\" href=\"https:\/\/www.insuranceforthemedia.com\/quote\" rel=\"nofollow noopener\" target=\"_blank\">Uzyskaj specjalistyczn\u0105 wycen\u0119<\/a> lub <a class=\"button\" href=\"https:\/\/www.insuranceforthemedia.com\/contact\/\" rel=\"nofollow noopener\" target=\"_blank\">porozmawiaj z naszym zespo\u0142em<\/a> o pokryciu, kt\u00f3re dzia\u0142a tam, gdzie inni wykluczaj\u0105.<\/p>\n  <\/section>\n\n  <footer id=\"sources\">\n    <h2>\u0179r\u00f3d\u0142a<\/h2>\n    <p>U\u017cyj tych \u017ar\u00f3de\u0142 pierwotnych do weryfikacji i dat \u201ena dzie\u0144\u201d. Liczby ewoluuj\u0105 w miar\u0119 jak \u015bledztwa potwierdzaj\u0105 to\u017csamo\u015b\u0107 i okoliczno\u015bci.<\/p>\n\n    <ol>\n      <li id=\"s-brown\"><strong>Uniwersytet Browna \u2013 Koszty wojny<\/strong>: <em>Cmentarz reporter\u00f3w: Jak zagro\u017cenia dla reporter\u00f3w wojennych zagra\u017caj\u0105 demokracji<\/em> (kwiecie\u0144 2025). <a href=\"https:\/\/watson.brown.edu\/costsofwar\/papers\/2025\/Journalists\" rel=\"noopener nofollow\" target=\"_blank\">Strona projektu<\/a> | <a href=\"https:\/\/watson.brown.edu\/costsofwar\/files\/cow\/imce\/papers\/2025\/Turse_Costs%20of%20War_The%20Reporting%20Graveyard%204-2-25.pdf\" rel=\"noopener nofollow\" target=\"_blank\">PDF<\/a><\/li>\n\n      <li id=\"s-cpj\"><strong>Komitet Ochrony Dziennikarzy (CPJ)<\/strong>:Bie\u017c\u0105ce bazy danych i raporty o konfliktach, opisuj\u0105ce wojn\u0119 izraelsko-Gazow\u0105 jako najbardziej \u015bmierciono\u015bny konflikt dla dziennikarzy od czasu, gdy CPJ rozpocz\u0105\u0142 systematyczne jej \u015bledzenie w 1992 r. <a href=\"https:\/\/cpj.org\" rel=\"noopener nofollow\" target=\"_blank\">cpj.org<\/a><\/li>\n\n      <li id=\"s-rsf\"><strong>Reporterzy bez Granic (RSF)<\/strong>:O\u015bwiadczenia, \u015bledztwa i rejestry incydent\u00f3w dotycz\u0105ce ofiar w\u015br\u00f3d dziennikarzy, ogranicze\u0144 dost\u0119pu i atak\u00f3w na infrastruktur\u0119 medialn\u0105. <a href=\"https:\/\/rsf.org\/en\" rel=\"noopener nofollow\" target=\"_blank\">rsf.org<\/a><\/li>\n\n      <li id=\"s-unesco\"><strong>UNESCO<\/strong>:Obserwatorium Zabitych Dziennikarzy i globalne doniesienia o bezkarno\u015bci pokazuj\u0105, \u017ce w d\u0142u\u017cszej perspektywie wska\u017aniki bezkarno\u015bci wynosz\u0105 zazwyczaj od 80 do 90 procent. <a href=\"https:\/\/www.unesco.org\/en\/safety-journalists\" rel=\"noopener nofollow\" target=\"_blank\">UNESCO \u2013 Bezpiecze\u0144stwo dziennikarzy<\/a><\/li>\n\n      <li id=\"s-aj\"><strong>Al Jazeera<\/strong>:Prowadzone listy nazwisk dziennikarzy zabitych w Strefie Gazy wraz z danymi biograficznymi i datami, aktualizowane okresowo w 2025 r. Przyk\u0142adowy artyku\u0142 z list\u0105: <a href=\"https:\/\/www.aljazeera.com\/news\/2025\/8\/11\/here-are-the-names-of-the-journalists-israel-killed-in-gaza\" rel=\"noopener nofollow\" target=\"_blank\">Oto nazwiska dziennikarzy zabitych przez Izrael w Strefie Gazy<\/a><\/li>\n\n      <li id=\"s-cpj-vietnam\"><strong>Analiza historyczna CPJ<\/strong> O \u015bmierciach dziennikarzy w czasie wojny w Wietnamie i por\u00f3wnaniach z Irakiem i innymi konfliktami. Przyk\u0142ad: <a href=\"https:\/\/cpj.org\/2006\/05\/iraq-journalist-deaths-match-number-killed-during\/\" rel=\"noopener nofollow\" target=\"_blank\">\u015amier\u0107 dziennikarzy w Iraku zr\u00f3wna\u0142a si\u0119 z Wietnamem<\/a><\/li>\n    <\/ol>\n\n    <p><small>Uwaga: Niekt\u00f3re dane w debacie publicznej opieraj\u0105 si\u0119 na raportach wt\u00f3rnych lub archiwalnych zestawieniach. W miar\u0119 mo\u017cliwo\u015bci powo\u0142ujemy si\u0119 na instytucje, kt\u00f3re prowadz\u0105 listy imienne lub audytowane bazy danych.<\/small><\/p>\n  <\/footer>\n<\/article>\n\n<section aria-label=\"Powi\u0105zane linki\" style=\"margin-top: 2rem;\">\n  <h2>Powi\u0105zane linki<\/h2>\n  <ul>\n    <li><a href=\"https:\/\/www.insuranceforthemedia.com\/\" rel=\"nofollow noopener\" target=\"_blank\">Ubezpieczenie medi\u00f3w dla \u015brodowisk wrogich<\/a><\/li>\n    <li><a href=\"https:\/\/insuranceforgroup.com\/pl\/ubezpieczenie-na-wypadek-pracy-i-podrozy-w-izraelu-strefie-gazy-i-palestynie\/\">Ubezpieczenie na czas pracy i podr\u00f3\u017cy w Izraelu, Strefie Gazy i Palestynie<\/a><\/li>\n    <li><a href=\"https:\/\/www.insuranceforthemedia.com\/contact\/\" rel=\"nofollow noopener\" target=\"_blank\">Porozmawiaj ze specjalist\u0105<\/a><\/li>\n    <li><a href=\"https:\/\/www.insuranceforthemedia.com\/quote\" rel=\"nofollow noopener\" target=\"_blank\">Uzyskaj szybk\u0105 wycen\u0119<\/a><\/li>\n  <\/ul>\n<\/section>\n\n<section aria-label=\"Cz\u0119sto zadawane pytania\" itemscope itemtype=\"https:\/\/schema.org\/FAQPage\" style=\"margin-top: 2rem;\">\n  <h2>Najcz\u0119\u015bciej zadawane pytania<\/h2>\n\n  <div itemscope itemprop=\"mainEntity\" itemtype=\"https:\/\/schema.org\/Question\">\n    <h3 itemprop=\"name\">Czy standardowe ubezpieczenie podr\u00f3\u017cne obejmuje dziennikarzy przebywaj\u0105cych w strefach wojennych?<\/h3>\n    <div itemscope itemprop=\"acceptedAnswer\" itemtype=\"https:\/\/schema.org\/Answer\">\n      <p itemprop=\"text\">Zazwyczaj nie. Wiele polis nie obejmuje wojny, terroryzmu i niepokoj\u00f3w spo\u0142ecznych. Specjalistyczne ubezpieczenie, kt\u00f3re wyra\u017anie uwzgl\u0119dnia te ryzyka, jest wymagane w przypadku zada\u0144 w strefach konfliktu.<\/p>\n    <\/div>\n  <\/div>\n\n  <div itemscope itemprop=\"mainEntity\" itemtype=\"https:\/\/schema.org\/Question\">\n    <h3 itemprop=\"name\">Czy lokalni fixerzy i freelancerzy mog\u0105 by\u0107 ubezpieczeni na takich samych warunkach jak korespondenci etatowi?<\/h3>\n    <div itemscope itemprop=\"acceptedAnswer\" itemtype=\"https:\/\/schema.org\/Answer\">\n      <p itemprop=\"text\">Tak. Organizujemy ubezpieczenie, kt\u00f3re rozszerza parytet ochrony na lokalnych pracownik\u00f3w i freelancer\u00f3w, obejmuj\u0105c ewakuacj\u0119, \u015bmier\u0107 w wyniku nieszcz\u0119\u015bliwego wypadku i niepe\u0142nosprawno\u015b\u0107 oraz ca\u0142odobow\u0105 pomoc.<\/p>\n    <\/div>\n  <\/div>\n\n  <div itemscope itemprop=\"mainEntity\" itemtype=\"https:\/\/schema.org\/Question\">\n    <h3 itemprop=\"name\">Czy popierasz ewakuacj\u0119 awaryjn\u0105 z obszar\u00f3w o ograniczonym lub zabronionym dost\u0119pie?<\/h3>\n    <div itemscope itemprop=\"acceptedAnswer\" itemtype=\"https:\/\/schema.org\/Answer\">\n      <p itemprop=\"text\">Wsp\u00f3\u0142pracujemy z do\u015bwiadczonymi operatorami, kt\u00f3rzy przeprowadzaj\u0105 ewakuacje medyczne i bezpiecze\u0144stwa na ca\u0142ym \u015bwiecie, z zastrze\u017ceniem warunk\u00f3w terenowych. Planowanie przed wdro\u017ceniem jest niezb\u0119dne dla zwi\u0119kszenia wykonalno\u015bci.<\/p>\n    <\/div>\n  <\/div>\n<\/section>\n\n<\/body>\n<\/html>\n\n\n\n<p class=\"wp-block-paragraph\">Chcesz znale\u017a\u0107 odpowiedni\u0105 ok\u0142adk\u0119? <a href=\"https:\/\/insuranceforgroup.com\/pl\/porownaj-zasady\/\">Por\u00f3wnaj polisy ubezpieczeniowe dla stref konfliktu<\/a> od specjalistycznych ubezpieczycieli lub zapoznaj si\u0119 z nasz\u0105 szczeg\u00f3\u0142ow\u0105 ofert\u0105 <a href=\"https:\/\/insuranceforgroup.com\/pl\/ubezpieczenie-grupowe-a-ubezpieczenie-hotspot-battleface-scr-willis-clements-porownanie\/\">Por\u00f3wnanie Hotspot Cover, Battleface, SCR Willis i Clements<\/a>.<\/p>","protected":false},"excerpt":{"rendered":"<p>Gaza 2025: najbardziej \u015bmierciono\u015bny konflikt dla dziennikarzy w historii nowo\u017cytnej. Dlaczego specjalistyczne ubezpieczenia grupowe s\u0105 niezb\u0119dne dla zespo\u0142\u00f3w prasowych i organizacji medialnych.<\/p>","protected":false},"author":1,"featured_media":3084,"comment_status":"closed","ping_status":"closed","sticky":false,"template":"","format":"standard","meta":{"_gspb_post_css":"","footnotes":""},"categories":[6,7],"tags":[],"class_list":["post-3078","post","type-post","status-publish","format-standard","has-post-thumbnail","hentry","category-group-personal-accident-cover","category-conflict-zone-insurance"],"blocksy_meta":{"styles_descriptor":{"styles":{"desktop":"","tablet":"","mobile":""},"google_fonts":[],"version":7}},"_links":{"self":[{"href":"https:\/\/insuranceforgroup.com\/pl\/wp-json\/wp\/v2\/posts\/3078","targetHints":{"allow":["GET"]}}],"collection":[{"href":"https:\/\/insuranceforgroup.com\/pl\/wp-json\/wp\/v2\/posts"}],"about":[{"href":"https:\/\/insuranceforgroup.com\/pl\/wp-json\/wp\/v2\/types\/post"}],"author":[{"embeddable":true,"href":"https:\/\/insuranceforgroup.com\/pl\/wp-json\/wp\/v2\/users\/1"}],"replies":[{"embeddable":true,"href":"https:\/\/insuranceforgroup.com\/pl\/wp-json\/wp\/v2\/comments?post=3078"}],"version-history":[{"count":2,"href":"https:\/\/insuranceforgroup.com\/pl\/wp-json\/wp\/v2\/posts\/3078\/revisions"}],"predecessor-version":[{"id":3374,"href":"https:\/\/insuranceforgroup.com\/pl\/wp-json\/wp\/v2\/posts\/3078\/revisions\/3374"}],"wp:featuredmedia":[{"embeddable":true,"href":"https:\/\/insuranceforgroup.com\/pl\/wp-json\/wp\/v2\/media\/3084"}],"wp:attachment":[{"href":"https:\/\/insuranceforgroup.com\/pl\/wp-json\/wp\/v2\/media?parent=3078"}],"wp:term":[{"taxonomy":"category","embeddable":true,"href":"https:\/\/insuranceforgroup.com\/pl\/wp-json\/wp\/v2\/categories?post=3078"},{"taxonomy":"post_tag","embeddable":true,"href":"https:\/\/insuranceforgroup.com\/pl\/wp-json\/wp\/v2\/tags?post=3078"}],"curies":[{"name":"wp","href":"https:\/\/api.w.org\/{rel}","templated":true}]}}